{"id":929,"date":"2021-09-13T12:28:50","date_gmt":"2021-09-13T15:28:50","guid":{"rendered":"https:\/\/bmmlaw.adv.br\/?p=929"},"modified":"2021-09-13T12:28:50","modified_gmt":"2021-09-13T15:28:50","slug":"prorrogacao-do-pagamento-de-tributos-federais-em-razao-de-decretacao-de-calamidade-publica-medida","status":"publish","type":"post","link":"https:\/\/bmmlaw.adv.br\/en\/prorrogacao-do-pagamento-de-tributos-federais-em-razao-de-decretacao-de-calamidade-publica-medida\/","title":{"rendered":"Prorroga\u00e7\u00e3o do Pagamento de Tributos Federais em Raz\u00e3o de Decreta\u00e7\u00e3o de Calamidade P\u00fablica &#8211; Medida"},"content":{"rendered":"<p>Em 2012, foi editada a Portaria n\u00ba 12\/2012 do Minist\u00e9rio da Fazenda, que prorroga o vencimento dos tributos federais, inclusive quando objeto de parcelamento, nos casos de decreta\u00e7\u00e3o de estado de calamidade pelos governos estaduais.<\/p>\n<p>&nbsp;<\/p>\n<p>A referida portaria prev\u00ea o diferimento dos valores dos tributos federais e tamb\u00e9m dos parcelamentos junto \u00e0 RFB e PGFN devidos no m\u00eas da ocorr\u00eancia do evento, estendendo-se ainda aos valores devidos no m\u00eas subsequente.<\/p>\n<p>&nbsp;<\/p>\n<p>Em raz\u00e3o da pandemia do COVID-19, diversos estados decretaram estado de calamidade p\u00fablica, dentre eles destacamos o Estado de S\u00e3o Paulo (Decreto n\u00ba 64.879\/2020), Rio Grande do Sul (Decreto n\u00ba 55.128\/2020), Rio de Janeiro (Decreto n\u00ba 46.984\/2020) e Minas Gerais (Decreto n\u00ba 47.891\/2020).<\/p>\n<p>&nbsp;<\/p>\n<p>Neste mesmo sentido, conforme anteriormente informado em nossos comunicados regulares, est\u00e3o sendo tomadas diversas medidas fiscais e trabalhistas de modo a conter os efeitos econ\u00f4micos da COVID-19, dentre as quais destaca-se a prorroga\u00e7\u00e3o em 6 (seis) meses no prazo para pagamento dos tributos federais no \u00e2mbito do Simples Nacional.<\/p>\n<p>&nbsp;<\/p>\n<p>Diante do atual cen\u00e1rio econ\u00f4mico do pa\u00eds em raz\u00e3o da pandemia do COVID-19, entendemos que a suspens\u00e3o tempor\u00e1ria no pagamento dos tributos bem como dos parcelamentos federais \u00e9 medida determinante na manuten\u00e7\u00e3o das atividades das empresas.<\/p>\n<p>&nbsp;<\/p>\n<p>Contudo, de acordo com o disposto no artigo 3\u00ba, tal prorroga\u00e7\u00e3o carece de regulamenta\u00e7\u00e3o por atos normativos da Receita Federal do Brasil (RFB) e da Procuradoria Geral da Fazenda Nacional (PGFN), o que, em que pese a urg\u00eancia da medida, ainda n\u00e3o ocorreu.<\/p>\n<p>&nbsp;<\/p>\n<p>Desta forma, dada a urg\u00eancia e relev\u00e2ncia do tema em quest\u00e3o, entendemos ser vi\u00e1vel e imperioso o ajuizamento de medida judicial requerendo a prorroga\u00e7\u00e3o no pagamento dos tributos federais, conforme previsto na Portaria MF n\u00ba 12, de 20 de janeiro de 2012.<\/p>\n<p>&nbsp;<\/p>\n<p>Assim, considerando a pertin\u00eancia desta discuss\u00e3o no atual momento, e sua repercuss\u00e3o financeira para as empresas, a Equipe Tribut\u00e1ria do BMM coloca-se \u00e0 disposi\u00e7\u00e3o para auxili\u00e1-lo no caso de eventuais d\u00favidas e an\u00e1lise das medidas cab\u00edveis para sua empresa.<\/p>\n<p>vinicius.morais@bmmlaw.com.br<\/p>\n<p>vinicius.miraglia@bmmlaw.com.br<\/p>\n<p>&nbsp;<\/p>\n<p><strong><u>M\u00ed<\/u><\/strong><strong><u>dias sociais:<\/u><\/strong><\/p>\n<blockquote class=\"wp-embedded-content\" data-secret=\"gbuijxlVWi\"><p><a href=\"https:\/\/bmmlaw.adv.br\/en\/\">home<\/a><\/p><\/blockquote>\n<p><iframe class=\"wp-embedded-content\" sandbox=\"allow-scripts\" security=\"restricted\" style=\"position: absolute; visibility: hidden;\" title=\"&#8220;home&#8221; &#8212; BMM\" src=\"https:\/\/bmmlaw.adv.br\/embed\/#?secret=SEboZtgjZz#?secret=gbuijxlVWi\" data-secret=\"gbuijxlVWi\" width=\"500\" height=\"282\" frameborder=\"0\" marginwidth=\"0\" marginheight=\"0\" scrolling=\"no\"><\/iframe><\/p>\n<p>https:\/\/www.linkedin.com\/company\/bmm-bicudo-matos-e-morais-advocacia-personalizada\/<\/p>\n<p>https:\/\/www.instagram.com\/bmm_advocaciapersonalizada\/<\/p>\n<p>https:\/\/www.facebook.com\/bmmlaw\/<\/p>","protected":false},"excerpt":{"rendered":"<p>Em 2012, foi editada a Portaria n\u00ba 12\/2012 do Minist\u00e9rio da Fazenda, que prorroga o vencimento dos tributos federais, inclusive quando objeto de parcelamento, nos casos de decreta\u00e7\u00e3o de estado de calamidade pelos governos estaduais. &nbsp; A referida portaria prev\u00ea o diferimento dos valores dos tributos federais e tamb\u00e9m dos parcelamentos junto \u00e0 RFB e &hellip;<\/p>\n<p class=\"read-more\"> <a class=\"\" href=\"https:\/\/bmmlaw.adv.br\/en\/prorrogacao-do-pagamento-de-tributos-federais-em-razao-de-decretacao-de-calamidade-publica-medida\/\"> <span class=\"screen-reader-text\">Prorroga\u00e7\u00e3o do Pagamento de Tributos Federais em Raz\u00e3o de Decreta\u00e7\u00e3o de Calamidade P\u00fablica &#8211; Medida<\/span> Read More &raquo;<\/a><\/p>","protected":false},"author":1,"featured_media":931,"comment_status":"open","ping_status":"open","sticky":false,"template":"","format":"standard","meta":{"footnotes":""},"categories":[4],"tags":[],"class_list":["post-929","post","type-post","status-publish","format-standard","has-post-thumbnail","hentry","category-noticias"],"_links":{"self":[{"href":"https:\/\/bmmlaw.adv.br\/en\/wp-json\/wp\/v2\/posts\/929","targetHints":{"allow":["GET"]}}],"collection":[{"href":"https:\/\/bmmlaw.adv.br\/en\/wp-json\/wp\/v2\/posts"}],"about":[{"href":"https:\/\/bmmlaw.adv.br\/en\/wp-json\/wp\/v2\/types\/post"}],"author":[{"embeddable":true,"href":"https:\/\/bmmlaw.adv.br\/en\/wp-json\/wp\/v2\/users\/1"}],"replies":[{"embeddable":true,"href":"https:\/\/bmmlaw.adv.br\/en\/wp-json\/wp\/v2\/comments?post=929"}],"version-history":[{"count":0,"href":"https:\/\/bmmlaw.adv.br\/en\/wp-json\/wp\/v2\/posts\/929\/revisions"}],"wp:featuredmedia":[{"embeddable":true,"href":"https:\/\/bmmlaw.adv.br\/en\/wp-json\/wp\/v2\/media\/931"}],"wp:attachment":[{"href":"https:\/\/bmmlaw.adv.br\/en\/wp-json\/wp\/v2\/media?parent=929"}],"wp:term":[{"taxonomy":"category","embeddable":true,"href":"https:\/\/bmmlaw.adv.br\/en\/wp-json\/wp\/v2\/categories?post=929"},{"taxonomy":"post_tag","embeddable":true,"href":"https:\/\/bmmlaw.adv.br\/en\/wp-json\/wp\/v2\/tags?post=929"}],"curies":[{"name":"wp","href":"https:\/\/api.w.org\/{rel}","templated":true}]}}